{"id":1741,"date":"2025-02-10T19:14:31","date_gmt":"2025-02-10T18:14:31","guid":{"rendered":"https:\/\/adace.es\/?p=1741"},"modified":"2025-02-10T19:16:23","modified_gmt":"2025-02-10T18:16:23","slug":"comunicado-sobre-cese-de-pablo-de-soto-la-laboral-de-gijon","status":"publish","type":"post","link":"https:\/\/adace.es\/en\/comunicado-sobre-cese-de-pablo-de-soto-la-laboral-de-gijon\/","title":{"rendered":"Comunicado sobre cese de Pablo de Soto La Laboral de Gij\u00f3n"},"content":{"rendered":"<p><strong>ADACE<\/strong> manifiesta su rechazo ante la destituci\u00f3n de nuestro socio Pablo de Soto Su\u00e1rez como<br \/>\nDirector Gerente de la Fundaci\u00f3n <strong>La Laboral Centro de Arte, Creaci\u00f3n Industrial y Promoci\u00f3n <\/strong><br \/>\n<strong>Cultural<\/strong>.<br \/>\nUna vez m\u00e1s, asistimos al menosprecio palmario de la labor de un profesional aduciendo vagas<br \/>\nconjeturas y apoy\u00e1ndose en un clima laboral enrarecido fruto de una habitual concepci\u00f3n de las<br \/>\ninstituciones como peque\u00f1as parcelas de poder.<br \/>\nEsta destituci\u00f3n pone de manifiesto la necesidad de ahondar en la profesionalizaci\u00f3n de las<br \/>\nestructuras culturales as\u00ed como la necesidad de establecer un marco claro sobre la capacidad de<br \/>\nacci\u00f3n de los agentes implicados en la buena gobernanza de nuestras instituciones.<br \/>\nPor otro lado, la destituci\u00f3n se produce de modo fulminante y de forma unidireccional, sin permitir<br \/>\na De Soto responder a los informes de forma ponderada y adecuada, lo que produce una indefensi\u00f3n<br \/>\ny y vulnerabilidad manifiestas. La propuesta de direcci\u00f3n de <strong>Pablo de Soto<\/strong> ha dado lugar a la<br \/>\nimplementaci\u00f3n de nuevas pr\u00e1cticas institucionales que han supuesto una mejora visible tanto en<br \/>\nla afluencia de p\u00fablico como en la renovaci\u00f3n del compromiso con la ciudadan\u00eda de Asturias. Tras<br \/>\n\u00e9sta, la de Pablo de Soto pasa a ser la cuarta direcci\u00f3n en menos de diez a\u00f1os, lo que permite<br \/>\nentrever una clara din\u00e1mica de injerencias.<br \/>\nHabiendo propuesto un proyecto de cinco a\u00f1os, este caso supondr\u00e1, de nuevo, una inevitable<br \/>\ndegradaci\u00f3n y devaluaci\u00f3n de La Laboral como centro de referencia en Asturias.<\/p>\n","protected":false},"excerpt":{"rendered":"<p>ADACE manifiesta su rechazo ante la destituci\u00f3n de nuestro socio Pablo de Soto Su\u00e1rez como Director Gerente de la Fundaci\u00f3n La Laboral Centro de Arte, Creaci\u00f3n Industrial y Promoci\u00f3n Cultural. Una vez m\u00e1s, asistimos al menosprecio palmario de la labor de un profesional aduciendo vagas conjeturas y apoy\u00e1ndose en un clima laboral enrarecido fruto de [&hellip;]<\/p>\n","protected":false},"author":4,"featured_media":0,"comment_status":"open","ping_status":"open","sticky":true,"template":"","format":"standard","meta":[],"categories":[57,55,34],"tags":[],"_links":{"self":[{"href":"https:\/\/adace.es\/en\/wp-json\/wp\/v2\/posts\/1741"}],"collection":[{"href":"https:\/\/adace.es\/en\/wp-json\/wp\/v2\/posts"}],"about":[{"href":"https:\/\/adace.es\/en\/wp-json\/wp\/v2\/types\/post"}],"author":[{"embeddable":true,"href":"https:\/\/adace.es\/en\/wp-json\/wp\/v2\/users\/4"}],"replies":[{"embeddable":true,"href":"https:\/\/adace.es\/en\/wp-json\/wp\/v2\/comments?post=1741"}],"version-history":[{"count":1,"href":"https:\/\/adace.es\/en\/wp-json\/wp\/v2\/posts\/1741\/revisions"}],"predecessor-version":[{"id":1742,"href":"https:\/\/adace.es\/en\/wp-json\/wp\/v2\/posts\/1741\/revisions\/1742"}],"wp:attachment":[{"href":"https:\/\/adace.es\/en\/wp-json\/wp\/v2\/media?parent=1741"}],"wp:term":[{"taxonomy":"category","embeddable":true,"href":"https:\/\/adace.es\/en\/wp-json\/wp\/v2\/categories?post=1741"},{"taxonomy":"post_tag","embeddable":true,"href":"https:\/\/adace.es\/en\/wp-json\/wp\/v2\/tags?post=1741"}],"curies":[{"name":"wp","href":"https:\/\/api.w.org\/{rel}","templated":true}]}}